{"id":150,"date":"2016-12-23T11:56:05","date_gmt":"2016-12-23T10:56:05","guid":{"rendered":"http:\/\/consortiumhistoricum.ch\/ausbauphase-von-histhub-bewilligt\/"},"modified":"2017-03-01T11:14:34","modified_gmt":"2017-03-01T10:14:34","slug":"ausbauphase-von-histhub-bewilligt","status":"publish","type":"post","link":"https:\/\/consortiumhistoricum.ch\/en\/ausbauphase-von-histhub-bewilligt\/","title":{"rendered":"Ausbauphase von histHub bewilligt"},"content":{"rendered":"<p>Der Lenkungsausschuss von <a href=\"http:\/\/www.swissuniversities.ch\/isci\">swissuniversities<\/a> hat in seiner Sitzung vom 5. Dezember \u00fcber die Antr\u00e4ge der sechsten Projekteingabe entschieden.<\/p>\n<p>Wir freuen uns sehr, dass der Antrag f\u00fcr den k\u00fcnftigen Ausbau von histHub genehmigt wurde. Der positive Entscheid belegt die erfolgreiche produktive Konsolidierung der Kooperation zwischen f\u00fchrenden digitalen geschichtswissenschaftlichen Institutionen in der Schweiz.<\/p>\n<p>Durch die finanzielle Unterst\u00fctzung ist es m\u00f6glich, in den kommenden zwei Jahren die beiden Hauptarbeitsbereiche Vernetzung und Normierung weiter auszubauen und neben der Metagrid-Suche und dem Vornamen-Thesaurus weitere Tools f\u00fcr die Arbeit mit geschichtswissenschaftlichen Daten zu entwickeln.<\/p>\n<p>Die in der ersten Phase etablierten Kommunikationskan\u00e4le (<a href=\"http:\/\/histhub.ch\">histhub.ch<\/a>, <a href=\"https:\/\/twitter.com\/hist_Hub\">Twitter<\/a> und <a href=\"https:\/\/www.facebook.com\/histHub\/\">Facebook<\/a>) werden Sie auch in Zukunft \u00fcber die neusten Entwicklungen auf dem Laufenden halten und Einblicke in die Ergebnisse unserer Arbeit geben.<\/p>\n","protected":false},"excerpt":{"rendered":"<p>Der Lenkungsausschuss von swissuniversities hat in seiner Sitzung vom 5. Dezember \u00fcber die Antr\u00e4ge der sechsten Projekteingabe entschieden. Wir freuen uns sehr, dass der Antrag f\u00fcr den k\u00fcnftigen Ausbau von histHub genehmigt wurde. Der positive Entscheid belegt die erfolgreiche produktive Konsolidierung der Kooperation zwischen f\u00fchrenden digitalen geschichtswissenschaftlichen Institutionen in der Schweiz. Durch die finanzielle Unterst\u00fctzung [&hellip;]<\/p>\n","protected":false},"author":2,"featured_media":0,"comment_status":"closed","ping_status":"closed","sticky":true,"template":"","format":"standard","meta":{"footnotes":""},"categories":[5],"tags":[],"class_list":{"0":"post-150","1":"post","2":"type-post","3":"status-publish","4":"format-standard","6":"category-uncategorized","7":"czr-hentry"},"_links":{"self":[{"href":"https:\/\/consortiumhistoricum.ch\/en\/wp-json\/wp\/v2\/posts\/150","targetHints":{"allow":["GET"]}}],"collection":[{"href":"https:\/\/consortiumhistoricum.ch\/en\/wp-json\/wp\/v2\/posts"}],"about":[{"href":"https:\/\/consortiumhistoricum.ch\/en\/wp-json\/wp\/v2\/types\/post"}],"author":[{"embeddable":true,"href":"https:\/\/consortiumhistoricum.ch\/en\/wp-json\/wp\/v2\/users\/2"}],"replies":[{"embeddable":true,"href":"https:\/\/consortiumhistoricum.ch\/en\/wp-json\/wp\/v2\/comments?post=150"}],"version-history":[{"count":0,"href":"https:\/\/consortiumhistoricum.ch\/en\/wp-json\/wp\/v2\/posts\/150\/revisions"}],"wp:attachment":[{"href":"https:\/\/consortiumhistoricum.ch\/en\/wp-json\/wp\/v2\/media?parent=150"}],"wp:term":[{"taxonomy":"category","embeddable":true,"href":"https:\/\/consortiumhistoricum.ch\/en\/wp-json\/wp\/v2\/categories?post=150"},{"taxonomy":"post_tag","embeddable":true,"href":"https:\/\/consortiumhistoricum.ch\/en\/wp-json\/wp\/v2\/tags?post=150"}],"curies":[{"name":"wp","href":"https:\/\/api.w.org\/{rel}","templated":true}]}}